{"id":3503,"date":"2020-07-29T18:50:33","date_gmt":"2020-07-29T18:50:33","guid":{"rendered":"https:\/\/www.paterkarlstadler.com\/?p=3503"},"modified":"2021-12-12T21:28:13","modified_gmt":"2021-12-12T21:28:13","slug":"3503","status":"publish","type":"post","link":"https:\/\/www.paterkarlstadler.com\/de\/texte\/3503","title":{"rendered":"Die Sonnenuhr am Gerschnitor, Engelberg &#8211; good-style graphics b\u00fcren (2020)"},"content":{"rendered":"<p>Zum 900 Jahr-Jubil\u00e4um des Klosters Engelberg erneuert und \u00fcbergeben vom Grossen Rat zu Stand (2020) \u2013 good-style graphics, b\u00fcren nw<\/p>\n<p>Vortrag am 6. Dez. 2019: https:\/\/www.ugr.ch\/?p=1876<\/p>\n<p>&nbsp;<\/p>","protected":false},"excerpt":{"rendered":"<p>Zum 900 Jahr-Jubil\u00e4um des Klosters Engelberg erneuert und \u00fcbergeben vom Grossen Rat zu Stand (2020) \u2013 good-style graphics, b\u00fcren nw Vortrag am 6. Dez. 2019: https:\/\/www.ugr.ch\/?p=1876 &nbsp;<\/p>\n","protected":false},"author":3,"featured_media":3506,"comment_status":"closed","ping_status":"closed","sticky":false,"template":"","format":"aside","meta":[],"categories":[37,5],"tags":[],"acf":[],"_links":{"self":[{"href":"https:\/\/www.paterkarlstadler.com\/de\/wp-json\/wp\/v2\/posts\/3503"}],"collection":[{"href":"https:\/\/www.paterkarlstadler.com\/de\/wp-json\/wp\/v2\/posts"}],"about":[{"href":"https:\/\/www.paterkarlstadler.com\/de\/wp-json\/wp\/v2\/types\/post"}],"author":[{"embeddable":true,"href":"https:\/\/www.paterkarlstadler.com\/de\/wp-json\/wp\/v2\/users\/3"}],"replies":[{"embeddable":true,"href":"https:\/\/www.paterkarlstadler.com\/de\/wp-json\/wp\/v2\/comments?post=3503"}],"version-history":[{"count":8,"href":"https:\/\/www.paterkarlstadler.com\/de\/wp-json\/wp\/v2\/posts\/3503\/revisions"}],"predecessor-version":[{"id":3560,"href":"https:\/\/www.paterkarlstadler.com\/de\/wp-json\/wp\/v2\/posts\/3503\/revisions\/3560"}],"wp:featuredmedia":[{"embeddable":true,"href":"https:\/\/www.paterkarlstadler.com\/de\/wp-json\/wp\/v2\/media\/3506"}],"wp:attachment":[{"href":"https:\/\/www.paterkarlstadler.com\/de\/wp-json\/wp\/v2\/media?parent=3503"}],"wp:term":[{"taxonomy":"category","embeddable":true,"href":"https:\/\/www.paterkarlstadler.com\/de\/wp-json\/wp\/v2\/categories?post=3503"},{"taxonomy":"post_tag","embeddable":true,"href":"https:\/\/www.paterkarlstadler.com\/de\/wp-json\/wp\/v2\/tags?post=3503"}],"curies":[{"name":"wp","href":"https:\/\/api.w.org\/{rel}","templated":true}]}}